{"id":162,"date":"2014-08-28T11:21:36","date_gmt":"2014-08-28T11:21:36","guid":{"rendered":"http:\/\/no-extradicion.site36.net\/?p=162"},"modified":"2021-01-21T17:49:05","modified_gmt":"2021-01-21T17:49:05","slug":"correo-del-caroni-27-08-2014","status":"publish","type":"post","link":"https:\/\/no-extradicion.net\/?p=162","title":{"rendered":"Correo del Caroni, Venezuela, 27.08.2014"},"content":{"rendered":"<p><strong>Por malos tratos logran traslado de activista radical alem\u00e1n<\/strong><\/p>\n<p><strong>Caracas.-<\/strong> El preso pol\u00edtico de origen alem\u00e1n Bernhard Heidbreder fue trasladado desde la sede de Interpol en la capital del pa\u00eds a la sede del grupo Brigada de Acciones Especiales (BAE), en San Agust\u00edn del Sur, tras las denuncias por malos tratos recibidos durante su reclusi\u00f3n.<\/p>\n<p>Como denunci\u00f3 su grupo de apoyo y constat\u00f3 la Fiscal\u00eda, Heidbreder permanec\u00eda sentado con las manos esposadas en la Interpol Caracas, donde s\u00f3lo lo dejaban levantarse para ir al ba\u00f1o. Debido a las denuncias p\u00fablicas sobre malos tratos, la Fiscal\u00eda gestion\u00f3 su traslado a otro sitio de reclusi\u00f3n, donde se le garanticen mejores condiciones, inform\u00f3 el portal digital del peri\u00f3dico El Libertario.<br \/>\n<!--more--><br \/>\nEl grupo de apoyo legal de Heidbreder desminti\u00f3 la informaci\u00f3n aparecida en un medio de comunicaci\u00f3n digital que aseguraba que el TSJ hab\u00eda aprobado la extradici\u00f3n. Seg\u00fan el recorrido formal, tras ser notificada la Embajada de Alemania tiene 60 d\u00edas para presentar sus pruebas y alegatos, para tomar una decisi\u00f3n. En caso que esto no ocurra, Heidbreder quedar\u00eda en libertad.<\/p>\n<p><strong>Cr\u00edtico feroz<\/strong><br \/>\nHeidbreder fue detenido el 12 de julio en M\u00e9rida. Desde 1995 huy\u00f3 de su pa\u00eds por la persecuci\u00f3n en su contra debido a sus actividades pol\u00edticas en la izquierda radical alemana.<\/p>\n<p>Heidbreder, a quien el gobierno alem\u00e1n acusa de participar en la organizaci\u00f3n \u201cDas K.O.M.I.T.E.E.\u201d, es un feroz cr\u00edtico del militarismo europeo y las pol\u00edticas de inmigraci\u00f3n del Gobierno alem\u00e1n.<\/p>\n<p>En 1995 fue se\u00f1alado de participar en el intento de volar con explosivos la reconstrucci\u00f3n de la c\u00e1rcel de m\u00e1xima seguridad para inmigrantes ubicada en Berl\u00edn-Gr\u00fcnau. El centro de detenci\u00f3n, que estaba desocupado en esos momentos, no lleg\u00f3 a ser explotado pues minutos antes la Polic\u00eda descubri\u00f3 los preparativos de la acci\u00f3n. Desde ese momento huy\u00f3 de su pa\u00eds; estuvo varios a\u00f1os en Colombia y, recientemente, comenz\u00f3 a vivir con otra identidad en Venezuela.<\/p>\n<p>El grupo de apoyo a Heidbreder en Venezuela inform\u00f3 al peri\u00f3dico El Libertario que est\u00e1n solicitando que Venezuela niegue la solicitud de extradici\u00f3n realizada por el Gobierno alem\u00e1n: \u201cEsta extradici\u00f3n -sostuvieron- fortalecer\u00eda la pol\u00edtica expansionista y militarista del Gobierno alem\u00e1n, quien suministra armas y tecnolog\u00eda a gobiernos violadores de derechos humanos\u201d.<\/p>\n<p>El grupo de apoyo rechaza que Heidbreder sea calificado como terrorista: \u201cLas motivaciones de sus actos, que nunca da\u00f1aron a ninguna persona, eran claramente pol\u00edticos, para denunciar los abusos del Gobierno alem\u00e1n contra inmigrantes y pa\u00edses vecinos\u201d.<\/p>\n<p>Este rechazo es clave en la estrategia de defensa pues todos los tratados bilaterales y multilaterales suscritos por Venezuela no contemplan la extradici\u00f3n cuando se trata de \u201cdelitos por motivaciones pol\u00edticas\u201d. En cambio, delitos tipificados como \u201cterrorismo\u201d significar\u00edan, jur\u00eddicamente, la extradici\u00f3n autom\u00e1tica.<br \/>\n(Con informaci\u00f3n de El Libertario)<\/p>\n<p>Link: <a href=\"https:\/\/www.correodelcaroni.com\/index.php\/nacional-2\/item\/18767-por-malos-tratos-logran-traslado-de-activista-radical-aleman\" target=\"_blank\" rel=\"noopener\">Correo del Caroni<\/a><\/p>\n<h2>Defensa de activista alem\u00e1n apuesta al asilo pol\u00edtico en Venezuela<\/h2>\n<p>Se espera que la pr\u00f3xima semana llegue la documentaci\u00f3n que pruebe los delitos que le imputa el gobierno alem\u00e1n al activista teut\u00f3n Bernhard Heidbreder, solicitado por la Interpol, inform\u00f3 el abogado defensor, Genis P\u00e9rez.<\/p>\n<p>De esta manera, el Tribunal Supremo de Justicia fijar\u00e1 la audiencia con la presencia de la Fiscal\u00eda Tercera Nacional, un abogado venezolano que represente los inter\u00e9s de Alemania, el acusado y su defensa, en la que se determinar\u00e1 si procede o no la extradici\u00f3n.<\/p>\n<p>Heidbreder fue detenido el pasado 11 de julio en M\u00e9rida por una alerta roja de la Interpol. El gobierno alem\u00e1n lo acusa de terrorismo. Se le atribuyen dos hechos en espec\u00edfico: un atentado en 1994 contra una instalaci\u00f3n militar, y el segundo, planes para atacar, en 1995, un centro de reclusi\u00f3n de inmigrantes en Alemania, aunque seg\u00fan la defensa en ese pa\u00eds, este acto no fue consumado.<\/p>\n<p>La detenci\u00f3n al activista alem\u00e1n procedi\u00f3 por poseer identificaci\u00f3n falsa. P\u00e9rez explica que debido a la persecuci\u00f3n en Alemania, Heidbreder emigr\u00f3 a Colombia, donde contrajo matrimonio; posteriormente en 2002 se traslad\u00f3 hasta Venezuela por la ideolog\u00eda del actual gobierno hasta montar una empresa de producci\u00f3n social en el estado M\u00e9rida. El detenido era conocido como Jhon Jairo Londo\u00f3 Smith.<\/p>\n<p>El abogado defensor precis\u00f3 que de no proceder la extradici\u00f3n, Heidbreder ser\u00eda juzgado en Venezuela s\u00f3lo por el delito de identificaci\u00f3n falsa.<\/p>\n<p>No se descarta la posibilidad de que \u201ctambi\u00e9n pueda solicitar asilo pol\u00edtico si se determina que se trata de una persecuci\u00f3n pol\u00edtica\u201d, agreg\u00f3 P\u00e9rez.<\/p>\n<p>Desde su detenci\u00f3n, Heidbreder permaneci\u00f3 al menos cinco semanas en la sede de Interpol en Parque Carabobo, y el 26 de agosto es trasladado hasta la Brigada del Cuerpo de Investigaciones Cient\u00edficas Penales y Criminal\u00edsticas (Cicpc), donde \u201cconstatamos las condiciones y est\u00e1 en un espacio m\u00e1s adecuado\u201d, dijo P\u00e9rez.<\/p>\n<p>El 18 de agosto el TSJ orden\u00f3 la sentencia 248 en la cual se notificaba al Gobierno alem\u00e1n sobre la detenci\u00f3n de Heidbreder; a partir de all\u00ed se les dio un lapso de 60 d\u00edas para la presentaci\u00f3n de pruebas.<\/p>\n<p><a href=\"https:\/\/www.correodelcaroni.com\/index.php\/nacional-2\/item\/18803-defensa-de-activista-aleman-apuesta-al-asilo-politico-en-venezuela\" target=\"_blank\" rel=\"noopener\">Correo del Caron\u00ed<\/a><\/p>\n","protected":false},"excerpt":{"rendered":"<p>Por malos tratos logran traslado de activista radical alem\u00e1n Caracas.- El preso pol\u00edtico de origen alem\u00e1n Bernhard Heidbreder fue trasladado desde la sede de Interpol en la capital del pa\u00eds a la sede del grupo Brigada de Acciones Especiales (BAE), &hellip; <a href=\"https:\/\/no-extradicion.net\/?p=162\">Sigue leyendo <span class=\"meta-nav\">&rarr;<\/span><\/a><\/p>\n","protected":false},"author":48,"featured_media":0,"comment_status":"closed","ping_status":"open","sticky":false,"template":"","format":"standard","meta":{"footnotes":""},"categories":[3],"tags":[],"class_list":["post-162","post","type-post","status-publish","format-standard","hentry","category-medios"],"_links":{"self":[{"href":"https:\/\/no-extradicion.net\/index.php?rest_route=\/wp\/v2\/posts\/162","targetHints":{"allow":["GET"]}}],"collection":[{"href":"https:\/\/no-extradicion.net\/index.php?rest_route=\/wp\/v2\/posts"}],"about":[{"href":"https:\/\/no-extradicion.net\/index.php?rest_route=\/wp\/v2\/types\/post"}],"author":[{"embeddable":true,"href":"https:\/\/no-extradicion.net\/index.php?rest_route=\/wp\/v2\/users\/48"}],"replies":[{"embeddable":true,"href":"https:\/\/no-extradicion.net\/index.php?rest_route=%2Fwp%2Fv2%2Fcomments&post=162"}],"version-history":[{"count":9,"href":"https:\/\/no-extradicion.net\/index.php?rest_route=\/wp\/v2\/posts\/162\/revisions"}],"predecessor-version":[{"id":730,"href":"https:\/\/no-extradicion.net\/index.php?rest_route=\/wp\/v2\/posts\/162\/revisions\/730"}],"wp:attachment":[{"href":"https:\/\/no-extradicion.net\/index.php?rest_route=%2Fwp%2Fv2%2Fmedia&parent=162"}],"wp:term":[{"taxonomy":"category","embeddable":true,"href":"https:\/\/no-extradicion.net\/index.php?rest_route=%2Fwp%2Fv2%2Fcategories&post=162"},{"taxonomy":"post_tag","embeddable":true,"href":"https:\/\/no-extradicion.net\/index.php?rest_route=%2Fwp%2Fv2%2Ftags&post=162"}],"curies":[{"name":"wp","href":"https:\/\/api.w.org\/{rel}","templated":true}]}}