{"id":170,"date":"2014-08-28T19:12:16","date_gmt":"2014-08-28T19:12:16","guid":{"rendered":"http:\/\/no-extradicion.site36.net\/?p=170"},"modified":"2021-01-21T17:48:15","modified_gmt":"2021-01-21T17:48:15","slug":"solidaridad-con-bernhard-2","status":"publish","type":"post","link":"https:\/\/no-extradicion.net\/?p=170","title":{"rendered":"Solidaridad con Bernhard"},"content":{"rendered":"<p>En el marco de la campa\u00f1a internacional contra la extradici\u00f3n de Bernhard Heidbreder por parte del Estado de Venezuela, hacemos un llamado a todos los dibujantes e ilustradores que gusten participar en la campa\u00f1a de difusi\u00f3n que nos escriban al correo <a href=\"mailto:evgenypashukanis@gmail.com\">evgenypashukanis@gmail.com<\/a> o nos env\u00eden a este email, dibujos o ilustraciones que gusten enviarle a Bernhard, para animar sus tediosos d\u00edas de detenci\u00f3n.\u00a0Les dejamos una hermosa imagen elaborada por el compa\u00f1ero Jaime Chang, autor del flickr EsboZine. Las im\u00e1genes que nos lleguen les ser\u00e1n entregadas en persona a Bernhard en su sitio de reclusi\u00f3n. Aqui les dejamos el link con la imagen: <a href=\"https:\/\/periodicoellibertario.blogspot.com\/2014\/08\/regalale-un-dibujo-bernhard-heidbreder.html\">periodicoellibertario.blogspot.com\/2014\/08\/regalale-un-dibujo-bernhard-heidbreder.html<\/a><\/p>\n<p>Desde Caracas, promovemos una iniciativa con la elaboraci\u00f3n de dos banner para que las paginas de Internet afines copien el link y nos ayuden a difundir la informaci\u00f3n. Los banner se puedes descargar en esta p\u00e1gina web:<br \/>\n<a href=\"https:\/\/apuntandoalaliberaciontotal.blogspot.com\/2014\/08\/banners-y-pagina-web-en-solidaridad-con.html\" target=\"_blank\" rel=\"noopener\">apuntandoalaliberaciontotal.blogspot.com<\/a><\/p>\n<p>Hemos tambien editado un peque\u00f1o video que esperamos que nos ayudes a difundir. La direcci\u00f3n es la siguiente: <a href=\"https:\/\/www.youtube.com\/watch?v=asL1u9sEWjY&amp;list=UU1FojrXfNNvDSuqEqwVDq1A\" target=\"_blank\" rel=\"noreferrer noopener\">www.youtube.com<\/a><\/p>\n<p>Hemos elaborado un afiche doble carta en blanco y negro para pegar en la calle y lugares p\u00fablicos. Si quieres colaborar ayud\u00e1ndonos a imprimir o colocar este afiche en la calle, puedes escribirnos al siguiente correo <a href=\"mailto:publicacioncurare@riseup.net\" rel=\"noreferrer\">publicacioncurare@riseup.net<\/a>. El afiche se puede ver aqui <a href=\"https:\/\/las-ideas-nunca-mueren.contrapoder.org.ve\/2014\/08\/afiche-contra-la-extradicion-de.html\" target=\"_blank\" rel=\"noreferrer noopener\">https:\/\/las-ideas-nunca-mueren.contrapoder.org.ve<\/a><\/p>\n<p>Un folleto elaborado por un grupo de personas afines a las posturas aut\u00f3nomas, antimilitaristas, antifascista y anti-imperialistas del detenido esta disponible como <a href=\"https:\/\/www.mediafire.com\/view\/ml1zm1uu8bqqsmh\/Solidaridad_con_Bernhard_PDF.pdf\" target=\"_blank\" rel=\"noopener\">PDF<\/a>, <a href=\"https:\/\/www.mediafire.com\/download\/7h95646o43le1v4\/folleto+bernhard+imprimir.rar\" target=\"_blank\" rel=\"noopener\">Imprimible RAR<\/a> y a <a href=\"https:\/\/issuu.com\/curarevzla\/docs\/solidaridad_con_bernhard_pdf\" target=\"_blank\" rel=\"noopener\">ISSUU<\/a>.<\/p>\n<p>Un volante full color para que los compas lo distribuyan en sus espacios de desarrollo lo puedes ver en el blog <a href=\"https:\/\/periodicoellibertario.blogspot.com\/2014\/08\/volante-contra-la-extradicion-de.html\" target=\"_blank\" rel=\"noopener\">El libertario.<\/a><\/p>\n<p>*\u00a1Ser activista no es ser terrorista!*<\/p>\n<p>*\u00a1Luchar por los inmigrantes no es delito!*<\/p>\n<p>*Evitemos la extradici\u00f3n de Bernhard Heidbreder por parte del Estado de<br \/>\nVenezuela*<\/p>\n<p>*Solidari(a)s con Bernhard<\/p>\n","protected":false},"excerpt":{"rendered":"<p>En el marco de la campa\u00f1a internacional contra la extradici\u00f3n de Bernhard Heidbreder por parte del Estado de Venezuela, hacemos un llamado a todos los dibujantes e ilustradores que gusten participar en la campa\u00f1a de difusi\u00f3n que nos escriban al &hellip; <a href=\"https:\/\/no-extradicion.net\/?p=170\">Sigue leyendo <span class=\"meta-nav\">&rarr;<\/span><\/a><\/p>\n","protected":false},"author":48,"featured_media":0,"comment_status":"closed","ping_status":"open","sticky":false,"template":"","format":"standard","meta":{"footnotes":""},"categories":[6],"tags":[],"class_list":["post-170","post","type-post","status-publish","format-standard","hentry","category-solidaridad"],"_links":{"self":[{"href":"https:\/\/no-extradicion.net\/index.php?rest_route=\/wp\/v2\/posts\/170","targetHints":{"allow":["GET"]}}],"collection":[{"href":"https:\/\/no-extradicion.net\/index.php?rest_route=\/wp\/v2\/posts"}],"about":[{"href":"https:\/\/no-extradicion.net\/index.php?rest_route=\/wp\/v2\/types\/post"}],"author":[{"embeddable":true,"href":"https:\/\/no-extradicion.net\/index.php?rest_route=\/wp\/v2\/users\/48"}],"replies":[{"embeddable":true,"href":"https:\/\/no-extradicion.net\/index.php?rest_route=%2Fwp%2Fv2%2Fcomments&post=170"}],"version-history":[{"count":9,"href":"https:\/\/no-extradicion.net\/index.php?rest_route=\/wp\/v2\/posts\/170\/revisions"}],"predecessor-version":[{"id":729,"href":"https:\/\/no-extradicion.net\/index.php?rest_route=\/wp\/v2\/posts\/170\/revisions\/729"}],"wp:attachment":[{"href":"https:\/\/no-extradicion.net\/index.php?rest_route=%2Fwp%2Fv2%2Fmedia&parent=170"}],"wp:term":[{"taxonomy":"category","embeddable":true,"href":"https:\/\/no-extradicion.net\/index.php?rest_route=%2Fwp%2Fv2%2Fcategories&post=170"},{"taxonomy":"post_tag","embeddable":true,"href":"https:\/\/no-extradicion.net\/index.php?rest_route=%2Fwp%2Fv2%2Ftags&post=170"}],"curies":[{"name":"wp","href":"https:\/\/api.w.org\/{rel}","templated":true}]}}