{"id":234,"date":"2014-09-22T10:11:37","date_gmt":"2014-09-22T10:11:37","guid":{"rendered":"http:\/\/no-extradicion.site36.net\/?p=234"},"modified":"2020-01-02T23:11:35","modified_gmt":"2020-01-02T23:11:35","slug":"benhard-fue-trasladado-el-26-08-2014","status":"publish","type":"post","link":"https:\/\/no-extradicion.net\/?p=234","title":{"rendered":"22.09.2014: Condiciones carcelarias de Bernhard y estado de procedimiento"},"content":{"rendered":"<p>Bernhard fue trasladado el 26.08.2014 de la oficina de Interpol a la Brigada de Acciones Especiales (BAE), un Departamento del Cuerpo de Investigaciones Cient\u00edficas, Penales y Criminal\u00edsticas (CICPC) en Caracas, Comuna de San Agustin del Sur.<\/p>\n<p>En esta Prisi\u00f3n, \u00e9l tiene condiciones carcelarias mejores que antes: una celda con una cama y un lavabo, tambien hay una cocina comunitaria, donde los presos se pueden cocinar un caf\u00e9 por ejemplo. Sus abogados lo pueden visitar y analizar su situaci\u00f3n en un espacio m\u00e1s adecuado. Ah\u00ed el suministro de necesidades personales es garantizado.<\/p>\n<p>Ya el 18 de agosto 2014 el tribunal competente (Tribunal Supremo) oficialmente inform\u00f3 al Gobierno Alem\u00e1n sobre la detenci\u00f3n de Bernhard Heidbreder y decret\u00f3 un plazo de 60 d\u00edas para hacer la solicitud oficial de extradici\u00f3n. Esta solicitud ahora ha llegado, pero faltan unos detalles formales. En el paso siguiente el Tribunal Supremo de Justicia fijar\u00e1 la audiencia con la presencia de la Fiscal\u00eda Tercera Nacional, un abogado venezolano que represente los inter\u00e9s de Alemania, el acusado y su defensa, en la que se determinar\u00e1 si procede o no la extradici\u00f3n.<\/p>\n<p>Hasta el momento, informaciones sobre las circunstancias de su detenci\u00f3n no existen.<\/p>\n<p>En los medios se especula, cuales son las opciones posibles, una es el termino del proceso, otra, solicitud de asilo pol\u00edtico o la extradici\u00f3n a un tercer pa\u00eds. Estas son actualmente nada m\u00e1s que posibilidades sin una concreta base. Nosotros tenemos plena confianza en el trabajo de los abogados venezolanos.<\/p>\n","protected":false},"excerpt":{"rendered":"<p>Bernhard fue trasladado el 26.08.2014 de la oficina de Interpol a la Brigada de Acciones Especiales (BAE), un Departamento del Cuerpo de Investigaciones Cient\u00edficas, Penales y Criminal\u00edsticas (CICPC) en Caracas, Comuna de San Agustin del Sur. En esta Prisi\u00f3n, \u00e9l &hellip; <a href=\"https:\/\/no-extradicion.net\/?p=234\">Sigue leyendo <span class=\"meta-nav\">&rarr;<\/span><\/a><\/p>\n","protected":false},"author":48,"featured_media":0,"comment_status":"closed","ping_status":"open","sticky":false,"template":"","format":"standard","meta":{"footnotes":""},"categories":[2],"tags":[],"class_list":["post-234","post","type-post","status-publish","format-standard","hentry","category-historico"],"_links":{"self":[{"href":"https:\/\/no-extradicion.net\/index.php?rest_route=\/wp\/v2\/posts\/234","targetHints":{"allow":["GET"]}}],"collection":[{"href":"https:\/\/no-extradicion.net\/index.php?rest_route=\/wp\/v2\/posts"}],"about":[{"href":"https:\/\/no-extradicion.net\/index.php?rest_route=\/wp\/v2\/types\/post"}],"author":[{"embeddable":true,"href":"https:\/\/no-extradicion.net\/index.php?rest_route=\/wp\/v2\/users\/48"}],"replies":[{"embeddable":true,"href":"https:\/\/no-extradicion.net\/index.php?rest_route=%2Fwp%2Fv2%2Fcomments&post=234"}],"version-history":[{"count":15,"href":"https:\/\/no-extradicion.net\/index.php?rest_route=\/wp\/v2\/posts\/234\/revisions"}],"predecessor-version":[{"id":250,"href":"https:\/\/no-extradicion.net\/index.php?rest_route=\/wp\/v2\/posts\/234\/revisions\/250"}],"wp:attachment":[{"href":"https:\/\/no-extradicion.net\/index.php?rest_route=%2Fwp%2Fv2%2Fmedia&parent=234"}],"wp:term":[{"taxonomy":"category","embeddable":true,"href":"https:\/\/no-extradicion.net\/index.php?rest_route=%2Fwp%2Fv2%2Fcategories&post=234"},{"taxonomy":"post_tag","embeddable":true,"href":"https:\/\/no-extradicion.net\/index.php?rest_route=%2Fwp%2Fv2%2Ftags&post=234"}],"curies":[{"name":"wp","href":"https:\/\/api.w.org\/{rel}","templated":true}]}}