{"id":95,"date":"2014-08-18T00:00:01","date_gmt":"2014-08-18T00:00:01","guid":{"rendered":"http:\/\/no-extradicion.site36.net\/?p=95"},"modified":"2021-01-21T17:52:24","modified_gmt":"2021-01-21T17:52:24","slug":"blog-de-rafael-uzcategui-18-08-2014","status":"publish","type":"post","link":"https:\/\/no-extradicion.net\/?p=95","title":{"rendered":"Blog de Rafael Uzc\u00e1tegui, 18.08.2014"},"content":{"rendered":"<h1>Piden impedir extradici\u00f3n a Alemania<\/h1>\n<p>Rafael Uzc\u00e1tegui<\/p>\n<p>A principios del mes de julio fue detenido en M\u00e9rida el ciudadano alem\u00e1n Bernhardt Heidbreder, sobre quien pesa hoy una orden de extradici\u00f3n. Heidbreder ha sido acusado de participar en las acciones del grupo K.O.M.I.T.E.E, quienes a mediados de los 90\u00b4s protestaban contra la feroz represi\u00f3n contra los inmigrantes desarrollada por el Estado Alem\u00e1n, al cual acusaban de racista. En la \u00e9poca, centenas de refugiados kurdos hu\u00edan de Turqu\u00eda, un pa\u00eds asolado por sucesivos golpes militares y violaciones a los derechos humanos. La polic\u00eda alemana los deten\u00eda masivamente para devolverlos a un pa\u00eds donde ser\u00edan cruelmente castigados. Una situaci\u00f3n similar experimentaban los refugiados de guerra procedentes de la antigua Yugoslavia, que tambi\u00e9n eran devueltos sin contemplaciones. Entre las acciones que avalaban esta pol\u00edtica contra inmigrantes se encontraba la ampliaci\u00f3n de los diferentes centros de detenci\u00f3n a prisioneros. Uno de ellos fue una antigua c\u00e1rcel de mujeres ubicada en Berl\u00edn-Gr\u00fcnau, la cual fue desocupada para ser reestructurada como lugar transitorio para 400 personas a ser devueltas. K.O.M.I.T.E.E. denunciaba que Alemania era uno de los aliados militares m\u00e1s importantes de Turqu\u00eda, tanto por el suministro de armas como en la formaci\u00f3n de sus cuerpos policiales. Por ello hicieron de la solidaridad con ese pa\u00eds uno de los focos de su actividad.<!--more--><\/p>\n<p>En 1994 realizan un atentado contra instalaciones del ej\u00e9rcito alem\u00e1n en Bad Freienwalde (cerca de Berl\u00edn), incendiando el edificio. Nadie result\u00f3 herido en la acci\u00f3n de impacto propagand\u00edstico. Un a\u00f1o despu\u00e9s intentan impedir la apertura de la nueva c\u00e1rcel para inmigrantes. Horas antes distribuyen volantes en los alrededores anunciando la demolici\u00f3n de la prisi\u00f3n, y minutos antes de la acci\u00f3n el grupo comando que lo llevar\u00eda a cabo fue descubierto por la polic\u00eda, lo que obliga a sus integrantes a emprender la huida. El Estado alem\u00e1n acusa a Heidbreder de ser parte de la organizaci\u00f3n de este ataque frustrado, quien desde ese momento huy\u00f3 de su pa\u00eds.<\/p>\n<p>El grupo de apoyo a este antimilitarista y antifascista germano en Venezuela est\u00e1n pidiendo que se niegue la solicitud de extradici\u00f3n realizada: \u201cEsta extradici\u00f3n -declararon- fortalecer\u00eda la pol\u00edtica expansionista y militarista del gobierno alem\u00e1n, quien suministra armas y tecnolog\u00eda a gobiernos violadores de derechos humanos\u201d. El grupo de apoyo rechaza que a Heidbreder sea calificado como terrorista: \u201cLas motivaciones de sus actos, que nunca da\u00f1aron a ninguna persona, eran claramente pol\u00edticos, para denunciar los abusos del gobierno alem\u00e1n contra inmigrantes y pa\u00edses vecinos\u201d. Este rechazo es clave en la estrategia de defensa pues todos los tratados bilaterales y multilaterales suscritos por Venezuela no contemplan la extradici\u00f3n cuando se trata de \u201cdelitos por motivaciones pol\u00edticas\u201d. En cambio, delitos tipificados como \u201cterrorismo\u201d significar\u00edan, jur\u00eddicamente, la extradici\u00f3n autom\u00e1tica. \u00bfCu\u00e1l ser\u00e1 la decisi\u00f3n del gobierno venezolano? Estaremos atentos. (Publicado en el diario 2001)<\/p>\n<p><a href=\"https:\/\/rafaeluzcategui.wordpress.com\/2014\/08\/18\/piden-impedir-extradicion-a-alemania\/https:\/\/\" target=\"_blank\" rel=\"noopener noreferrer\">blog de rafael uzc\u00e1tegui<\/a><\/p>\n","protected":false},"excerpt":{"rendered":"<p>Piden impedir extradici\u00f3n a Alemania Rafael Uzc\u00e1tegui A principios del mes de julio fue detenido en M\u00e9rida el ciudadano alem\u00e1n Bernhardt Heidbreder, sobre quien pesa hoy una orden de extradici\u00f3n. Heidbreder ha sido acusado de participar en las acciones del &hellip; <a href=\"https:\/\/no-extradicion.net\/?p=95\">Sigue leyendo <span class=\"meta-nav\">&rarr;<\/span><\/a><\/p>\n","protected":false},"author":48,"featured_media":0,"comment_status":"closed","ping_status":"open","sticky":false,"template":"","format":"standard","meta":{"footnotes":""},"categories":[6],"tags":[],"class_list":["post-95","post","type-post","status-publish","format-standard","hentry","category-solidaridad"],"_links":{"self":[{"href":"https:\/\/no-extradicion.net\/index.php?rest_route=\/wp\/v2\/posts\/95","targetHints":{"allow":["GET"]}}],"collection":[{"href":"https:\/\/no-extradicion.net\/index.php?rest_route=\/wp\/v2\/posts"}],"about":[{"href":"https:\/\/no-extradicion.net\/index.php?rest_route=\/wp\/v2\/types\/post"}],"author":[{"embeddable":true,"href":"https:\/\/no-extradicion.net\/index.php?rest_route=\/wp\/v2\/users\/48"}],"replies":[{"embeddable":true,"href":"https:\/\/no-extradicion.net\/index.php?rest_route=%2Fwp%2Fv2%2Fcomments&post=95"}],"version-history":[{"count":4,"href":"https:\/\/no-extradicion.net\/index.php?rest_route=\/wp\/v2\/posts\/95\/revisions"}],"predecessor-version":[{"id":733,"href":"https:\/\/no-extradicion.net\/index.php?rest_route=\/wp\/v2\/posts\/95\/revisions\/733"}],"wp:attachment":[{"href":"https:\/\/no-extradicion.net\/index.php?rest_route=%2Fwp%2Fv2%2Fmedia&parent=95"}],"wp:term":[{"taxonomy":"category","embeddable":true,"href":"https:\/\/no-extradicion.net\/index.php?rest_route=%2Fwp%2Fv2%2Fcategories&post=95"},{"taxonomy":"post_tag","embeddable":true,"href":"https:\/\/no-extradicion.net\/index.php?rest_route=%2Fwp%2Fv2%2Ftags&post=95"}],"curies":[{"name":"wp","href":"https:\/\/api.w.org\/{rel}","templated":true}]}}